[{"@context":"https:\/\/schema.org\/","@type":"Article","@id":"https:\/\/www.hifol.sk\/ochrante-sa-pred-strachom\/#Article","mainEntityOfPage":"https:\/\/www.hifol.sk\/ochrante-sa-pred-strachom\/","headline":"Ochr\u00e1\u0148te sa pred strachom","name":"Ochr\u00e1\u0148te sa pred strachom","description":"V\u0161etky veci, ktor\u00fdch sa boj\u00edte, mus\u00edte proste necha\u0165 za sebou. Je jasn\u00e9, \u017ee aj ke\u010f sa v\u00e1m to nezd\u00e1, mus\u00edte [&hellip;]","datePublished":"2018-10-01","dateModified":"2018-10-01","author":{"@type":"Person","@id":"https:\/\/www.hifol.sk\/author\/#Person","name":"","url":"https:\/\/www.hifol.sk\/author\/","identifier":1,"image":{"@type":"ImageObject","@id":"https:\/\/secure.gravatar.com\/avatar\/3c4e99fa9a9806cd5e8fd7cac6ca73ff5bbf5f3ee309e1745415eebd31482909?s=96&d=mm&r=g","url":"https:\/\/secure.gravatar.com\/avatar\/3c4e99fa9a9806cd5e8fd7cac6ca73ff5bbf5f3ee309e1745415eebd31482909?s=96&d=mm&r=g","height":96,"width":96}},"publisher":{"@type":"Organization","name":"hifol.sk","logo":{"@type":"ImageObject","@id":"\/logo.png","url":"\/logo.png","width":600,"height":60}},"image":{"@type":"ImageObject","@id":"https:\/\/www.hifol.sk\/wp-content\/uploads\/img_a292811_w2024_t1540990324.jpg","url":"https:\/\/www.hifol.sk\/wp-content\/uploads\/img_a292811_w2024_t1540990324.jpg","height":0,"width":0},"url":"https:\/\/www.hifol.sk\/ochrante-sa-pred-strachom\/","about":["\u017dena"],"wordCount":410,"articleBody":"   V\u0161etky veci, ktor\u00fdch sa boj\u00edte, mus\u00edte proste necha\u0165 za sebou. Je jasn\u00e9, \u017ee aj ke\u010f sa v\u00e1m to nezd\u00e1, mus\u00edte urobi\u0165 v\u0161etko preto, aby boli veci, ktor\u00e9 s\u00fa pre v\u00e1s naozaj d\u00f4le\u017eit\u00e9 len proste ochr\u00e1nen\u00e9 pred v\u0161etk\u00fdm, \u010do je okolo v\u00e1s. Asi je pre v\u00e1s smie\u0161ne, ke\u010f sa niekto boj\u00ed toho a niekto sa zase boj\u00ed nie\u010doho in\u00e9ho, ale nech sa deje \u010doko\u013evek, ob\u010das proste mus\u00edte urobi\u0165 viac a mus\u00edte sa zamera\u0165 v prvom rade na to, ktor\u00e9 veci v\u00e1m naozaj re\u00e1lne zostali na to, aby ste sa zamerali na v\u0161etko, \u010do chcete re\u00e1lne prekona\u0165.Niektor\u00e9 veci s\u00fa proste \u0165a\u017e\u0161ie pochopite\u013en\u00e9,ako by ste si mo\u017eno na prv\u00fd poh\u013ead mysleli. Pr\u00e1ve preto sa mus\u00edte zamera\u0165 v prvom rade na to, \u017ee nech sa deje \u010doko\u013evek, nakoniec bud\u00fa v\u0161etky veci to najlep\u0161ie. Okrem toho, mus\u00edte urobi\u0165 napriek tomu v\u0161etk\u00e9mu v\u0161etko, aby boli veci lep\u0161ie, ako by ste \u010dakali. Aj ke\u010f sa v\u00e1m to mo\u017eno nezd\u00e1, niektor\u00e9 veci vo v\u00e1s vyvolaj\u00fa stres, in\u00e9 v\u00e1s proste dostan\u00fa do \u00faplne inej \u00falohy, no ke\u010f raz viete, \u017ee sa boj\u00edte oh\u0148a, \u010do in\u00e9 by ste s t\u00fdm vlastne chceli robi\u0165? Je jasn\u00e9, \u017ee nakoniec s t\u00fdm proste mus\u00edte zato\u010di\u0165, lebo na tom z\u00e1le\u017e\u00ed.Ak sa boj\u00edte oh\u0148a, je viac, ne\u017e len jasn\u00e9, \u017ee budete pracova\u0165 na tom,aby ste sa tomu vyhli, ke\u010f je tak\u00e1 mo\u017enos\u0165, no nie? Tak\u017ee je jasn\u00e9, \u017ee sa nad t\u00fdm proste mus\u00edte viac a viac zam\u00fd\u0161\u013ea\u0165, ale to nie je v\u0161etko. Mus\u00edte sa zamera\u0165 na to, aby bol perfektne zariaden\u00fd a zabezpe\u010den\u00fd aj v\u00e1\u0161 majetok, tak\u017ee je jasn\u00e9, \u017ee urob\u00edte v\u0161etko preto, aby ste videli svoje vlastn\u00e9 protipoziarne okna ako nejak\u00fd syst\u00e9m, na ktorom z\u00e1le\u017e\u00ed alebo proste ako nie\u010do, \u010do s vami m\u00f4\u017ee h\u00fdba\u0165 viac, ako by ste si mysleli. Jasn\u00e9, niekedy nesta\u010d\u00ed len sa pozera\u0165 na veci, ktor\u00e9 maj\u00fa v\u00e1\u0161 majetok ochr\u00e1ni\u0165, ale aj tak je fajn, ke\u010f sa na to zameriate a viete, \u010do m\u00f4\u017eete od v\u0161etk\u00e9ho, \u010do v\u00e1s stretlo, \u010daka\u0165. Napr\u00edklad aj od toho, \u010do je pre v\u00e1s to najpodstatnej\u0161ie.                                                                                                                                                                                                                                                                                                                                                                                                  "},{"@context":"https:\/\/schema.org\/","@type":"BreadcrumbList","itemListElement":[{"@type":"ListItem","position":1,"name":"Ochr\u00e1\u0148te sa pred strachom","item":"https:\/\/www.hifol.sk\/ochrante-sa-pred-strachom\/#breadcrumbitem"}]}]